{"id":1803,"date":"2018-02-12T11:23:43","date_gmt":"2018-02-12T11:23:43","guid":{"rendered":"http:\/\/www.icsurenata.hu\/?p=1803"},"modified":"2018-06-26T17:46:55","modified_gmt":"2018-06-26T17:46:55","slug":"budapest-foto-fesztival-kiallitas-2018","status":"publish","type":"post","link":"http:\/\/www.icsurenata.hu\/index.php\/2018\/02\/12\/budapest-foto-fesztival-kiallitas-2018\/","title":{"rendered":"Ki\u00e1ll\u00edt\u00e1s . Budapest Fot\u00f3fesztiv\u00e1l . Exhibition"},"content":{"rendered":"<p>Ki\u00e1ll\u00edt\u00e1s<\/p>\n<blockquote><p><span id=\"fbPhotoSnowliftCaption\" class=\"fbPhotosPhotoCaption\" tabindex=\"0\" aria-live=\"polite\" data-ft=\"{&quot;tn&quot;:&quot;K&quot;}\"><span class=\"hasCaption\"><a href=\"http:\/\/www.budapestphotofestival.hu\/csondesen-kortars-magyar-csendelet\/\" target=\"_blank\" rel=\"noopener\">Budapest Fot\u00f3fesztiv\u00e1l &#8211; Cs\u00f6ndesen<\/a><br \/>\nKiscelli M\u00fazeum, Budapest<br \/>\n<\/span><\/span><span id=\"fbPhotoSnowliftCaption\" class=\"fbPhotosPhotoCaption\" tabindex=\"0\" aria-live=\"polite\" data-ft=\"{&quot;tn&quot;:&quot;K&quot;}\"><span class=\"hasCaption\">2018. \u00e1prilis 7-j\u00fanius 24.<\/span><\/span><\/p><\/blockquote>\n<p>&nbsp;<\/p>\n<p style=\"text-align: center;\"><span style=\"color: #999999;\">T\u00e9ma: <span id=\"fbPhotoSnowliftCaption\" class=\"fbPhotosPhotoCaption\" tabindex=\"0\" aria-live=\"polite\" data-ft=\"{&quot;tn&quot;:&quot;K&quot;}\"><span class=\"hasCaption\">Kort\u00e1rs magyar csend\u00e9let . <em><span id=\"result_box\" class=\"short_text\" lang=\"en\"><span class=\"\">Contemporary hungarian still life<\/span><\/span><\/em><\/span><\/span><\/span><span id=\"fbPhotoSnowliftCaption\" class=\"fbPhotosPhotoCaption\" tabindex=\"0\" aria-live=\"polite\" data-ft=\"{&quot;tn&quot;:&quot;K&quot;}\"><\/span><\/p>\n<p><img loading=\"lazy\" class=\"aligncenter size-full wp-image-2782\" src=\"http:\/\/www.icsurenata.hu\/wp-content\/uploads\/2018\/02\/IMG_20180508_120947_retus_kicsi.jpg\" alt=\"\" width=\"839\" height=\"594\" srcset=\"http:\/\/www.icsurenata.hu\/wp-content\/uploads\/2018\/02\/IMG_20180508_120947_retus_kicsi.jpg 839w, http:\/\/www.icsurenata.hu\/wp-content\/uploads\/2018\/02\/IMG_20180508_120947_retus_kicsi-300x212.jpg 300w, http:\/\/www.icsurenata.hu\/wp-content\/uploads\/2018\/02\/IMG_20180508_120947_retus_kicsi-768x544.jpg 768w, http:\/\/www.icsurenata.hu\/wp-content\/uploads\/2018\/02\/IMG_20180508_120947_retus_kicsi-494x350.jpg 494w\" sizes=\"(max-width: 839px) 100vw, 839px\" \/><\/p>\n<p>&nbsp;<\/p>\n<p><img loading=\"lazy\" class=\"aligncenter size-full wp-image-3144\" src=\"http:\/\/www.icsurenata.hu\/wp-content\/uploads\/2018\/02\/IMG_20180406_190137_retus_kicsi.jpg\" alt=\"\" width=\"839\" height=\"591\" srcset=\"http:\/\/www.icsurenata.hu\/wp-content\/uploads\/2018\/02\/IMG_20180406_190137_retus_kicsi.jpg 839w, http:\/\/www.icsurenata.hu\/wp-content\/uploads\/2018\/02\/IMG_20180406_190137_retus_kicsi-300x211.jpg 300w, http:\/\/www.icsurenata.hu\/wp-content\/uploads\/2018\/02\/IMG_20180406_190137_retus_kicsi-768x541.jpg 768w, http:\/\/www.icsurenata.hu\/wp-content\/uploads\/2018\/02\/IMG_20180406_190137_retus_kicsi-497x350.jpg 497w\" sizes=\"(max-width: 839px) 100vw, 839px\" \/><\/p>\n<p>&nbsp;<\/p>\n<p><a href=\"http:\/\/www.icsurenata.hu\/index.php\/2018\/06\/25\/tajak-a-nappalimban-landscapes-in-my-living-room\/\" target=\"_blank\" rel=\"noopener\">A teljes sorozat .\u00a0<span id=\"result_box\" class=\"short_text\" lang=\"en\"><span class=\"\"><em>The whole series<\/em><\/span><\/span><\/a><\/p>\n","protected":false},"excerpt":{"rendered":"<p>Ki\u00e1ll\u00edt\u00e1s Budapest Fot\u00f3fesztiv\u00e1l &#8211; Cs\u00f6ndesen Kiscelli M\u00fazeum, Budapest 2018. \u00e1prilis 7-j\u00fanius 24. &nbsp; T\u00e9ma: Kort\u00e1rs&#8230;<\/p>\n","protected":false},"author":1,"featured_media":3167,"comment_status":"closed","ping_status":"closed","sticky":false,"template":"","format":"standard","meta":[],"categories":[17],"tags":[],"_links":{"self":[{"href":"http:\/\/www.icsurenata.hu\/index.php\/wp-json\/wp\/v2\/posts\/1803"}],"collection":[{"href":"http:\/\/www.icsurenata.hu\/index.php\/wp-json\/wp\/v2\/posts"}],"about":[{"href":"http:\/\/www.icsurenata.hu\/index.php\/wp-json\/wp\/v2\/types\/post"}],"author":[{"embeddable":true,"href":"http:\/\/www.icsurenata.hu\/index.php\/wp-json\/wp\/v2\/users\/1"}],"replies":[{"embeddable":true,"href":"http:\/\/www.icsurenata.hu\/index.php\/wp-json\/wp\/v2\/comments?post=1803"}],"version-history":[{"count":29,"href":"http:\/\/www.icsurenata.hu\/index.php\/wp-json\/wp\/v2\/posts\/1803\/revisions"}],"predecessor-version":[{"id":3151,"href":"http:\/\/www.icsurenata.hu\/index.php\/wp-json\/wp\/v2\/posts\/1803\/revisions\/3151"}],"wp:featuredmedia":[{"embeddable":true,"href":"http:\/\/www.icsurenata.hu\/index.php\/wp-json\/wp\/v2\/media\/3167"}],"wp:attachment":[{"href":"http:\/\/www.icsurenata.hu\/index.php\/wp-json\/wp\/v2\/media?parent=1803"}],"wp:term":[{"taxonomy":"category","embeddable":true,"href":"http:\/\/www.icsurenata.hu\/index.php\/wp-json\/wp\/v2\/categories?post=1803"},{"taxonomy":"post_tag","embeddable":true,"href":"http:\/\/www.icsurenata.hu\/index.php\/wp-json\/wp\/v2\/tags?post=1803"}],"curies":[{"name":"wp","href":"https:\/\/api.w.org\/{rel}","templated":true}]}}