{"id":2797,"date":"2018-05-14T15:28:31","date_gmt":"2018-05-14T15:28:31","guid":{"rendered":"http:\/\/www.icsurenata.hu\/?p=2797"},"modified":"2018-05-22T08:15:53","modified_gmt":"2018-05-22T08:15:53","slug":"interju-marie-claire-interview","status":"publish","type":"post","link":"http:\/\/www.icsurenata.hu\/index.php\/2018\/05\/14\/interju-marie-claire-interview\/","title":{"rendered":"Interj\u00fa . Marie Claire . Interview"},"content":{"rendered":"<p>&nbsp;<\/p>\n<blockquote><p><em>&#8221; Szinte az els\u0151 pillanatt\u00f3l kezdve, hogy f\u00e9nyk\u00e9pez\u0151g\u00e9pet ragadtam, fontos volt, hogy rend legyen a k\u00e9peken, \u00e9s hogy csak a l\u00e9nyeget \u00e1br\u00e1zolj\u00e1k, ne legyenek t\u00falzs\u00fafoltak.&#8221;<br \/>\n<\/em><\/p><\/blockquote>\n<p>R\u00e9szlet a Marie Claire 2018. j\u00faniusi sz\u00e1m\u00e1ban megjelent interj\u00fab\u00f3l<\/p>\n<p>&nbsp;<\/p>\n<p><img loading=\"lazy\" class=\"aligncenter size-full wp-image-2792\" src=\"http:\/\/www.icsurenata.hu\/wp-content\/uploads\/2018\/04\/IMG_20180513_123309_retus_kicsi.jpg\" alt=\"\" width=\"567\" height=\"756\" \/><\/p>\n<p>&nbsp;<\/p>\n<p><img loading=\"lazy\" class=\"aligncenter size-full wp-image-2791\" src=\"http:\/\/www.icsurenata.hu\/wp-content\/uploads\/2018\/04\/IMG_20180513_123208_retus_kicsi.jpg\" alt=\"\" width=\"567\" height=\"756\" \/><\/p>\n<p>&nbsp;<\/p>\n<p>Ami a magazinb\u00f3l kimaradt&#8230;<\/p>\n<blockquote><p><em>&#8221;\u00a0Nehezen teremtek m\u00e1sokkal kapcsolatot, \u00edgy sz\u00e1momra egy\u00e9rtelm\u0171en k\u00f6nnyebbs\u00e9g az, hogy saj\u00e1t magamat fot\u00f3zom. <span lang=\"HU\">Nem kell id\u0151pontot egyeztetni, n<\/span><span lang=\"HU\">em kell elmagyar\u00e1zni senkinek, mire is gondolok pontosan \u00e9s a k\u00f6nnyebbs\u00e9gen t\u00fal mindez nagyfok\u00fa alkot\u00f3i szabads\u00e1got is ad<\/span>.&#8221;<\/em><\/p><\/blockquote>\n<p>&nbsp;<\/p>\n<p>Amit m\u00e9g el kellett volna mondanom&#8230;<\/p>\n<blockquote><p><em>&#8221; A b\u00e1ty\u00e1m nagyban hozz\u00e1j\u00e1rult ahhoz, hogy komolyan kezdtem foglalkozni a fot\u00f3z\u00e1ssal, ugyanis t\u0151le kaptam az els\u0151 t\u00fck\u00f6rreflexes f\u00e9nyk\u00e9pez\u0151g\u00e9pemet, amit kor\u00e1bban \u0151 haszn\u00e1lt.&#8221;<\/em><\/p><\/blockquote>\n<p>&nbsp;<\/p>\n<p><a href=\"http:\/\/www.icsurenata.hu\/index.php\/2018\/04\/26\/1-hely-es-kiallitas-marie-claire-1st-place-and-exhibition\/\" target=\"_blank\" rel=\"noopener\">A ki\u00e1ll\u00edt\u00e1s . <em>The exhibition<\/em><\/a><\/p>\n<p><a href=\"http:\/\/www.icsurenata.hu\/index.php\/2018\/04\/24\/marie-claire-a-noi-let-sokszinusege-the-diversity-of-women\/\" target=\"_blank\" rel=\"noopener\">A k\u00e9pek . <em>The pictures<\/em><\/a><\/p>\n","protected":false},"excerpt":{"rendered":"<p>&nbsp; &#8221; Szinte az els\u0151 pillanatt\u00f3l kezdve, hogy f\u00e9nyk\u00e9pez\u0151g\u00e9pet ragadtam, fontos volt, hogy rend legyen&#8230;<\/p>\n","protected":false},"author":1,"featured_media":2824,"comment_status":"closed","ping_status":"closed","sticky":false,"template":"","format":"standard","meta":[],"categories":[17],"tags":[],"_links":{"self":[{"href":"http:\/\/www.icsurenata.hu\/index.php\/wp-json\/wp\/v2\/posts\/2797"}],"collection":[{"href":"http:\/\/www.icsurenata.hu\/index.php\/wp-json\/wp\/v2\/posts"}],"about":[{"href":"http:\/\/www.icsurenata.hu\/index.php\/wp-json\/wp\/v2\/types\/post"}],"author":[{"embeddable":true,"href":"http:\/\/www.icsurenata.hu\/index.php\/wp-json\/wp\/v2\/users\/1"}],"replies":[{"embeddable":true,"href":"http:\/\/www.icsurenata.hu\/index.php\/wp-json\/wp\/v2\/comments?post=2797"}],"version-history":[{"count":19,"href":"http:\/\/www.icsurenata.hu\/index.php\/wp-json\/wp\/v2\/posts\/2797\/revisions"}],"predecessor-version":[{"id":3005,"href":"http:\/\/www.icsurenata.hu\/index.php\/wp-json\/wp\/v2\/posts\/2797\/revisions\/3005"}],"wp:featuredmedia":[{"embeddable":true,"href":"http:\/\/www.icsurenata.hu\/index.php\/wp-json\/wp\/v2\/media\/2824"}],"wp:attachment":[{"href":"http:\/\/www.icsurenata.hu\/index.php\/wp-json\/wp\/v2\/media?parent=2797"}],"wp:term":[{"taxonomy":"category","embeddable":true,"href":"http:\/\/www.icsurenata.hu\/index.php\/wp-json\/wp\/v2\/categories?post=2797"},{"taxonomy":"post_tag","embeddable":true,"href":"http:\/\/www.icsurenata.hu\/index.php\/wp-json\/wp\/v2\/tags?post=2797"}],"curies":[{"name":"wp","href":"https:\/\/api.w.org\/{rel}","templated":true}]}}