{"id":4087,"date":"2020-09-24T10:40:51","date_gmt":"2020-09-24T10:40:51","guid":{"rendered":"http:\/\/www.icsurenata.hu\/?p=4087"},"modified":"2020-10-22T09:33:05","modified_gmt":"2020-10-22T09:33:05","slug":"interju-fotovideo-magazin-interview","status":"publish","type":"post","link":"http:\/\/www.icsurenata.hu\/index.php\/2020\/09\/24\/interju-fotovideo-magazin-interview\/","title":{"rendered":"Interj\u00fa . FotoVideo Magazin . Interview"},"content":{"rendered":"<p><a href=\"http:\/\/www.icsurenata.hu\/index.php\/2020\/10\/22\/a-teljes-interju-fotovideo-magazin-the-whole-interview\/\" target=\"_blank\" rel=\"noopener\">A teljes interj\u00fa<\/a><\/p>\n<p>&nbsp;<\/p>\n<p><img loading=\"lazy\" class=\"aligncenter wp-image-4099 size-full\" src=\"http:\/\/www.icsurenata.hu\/wp-content\/uploads\/2020\/09\/IMG_20200924_105128_retus_kicsi.jpg\" alt=\"\" width=\"850\" height=\"693\" srcset=\"http:\/\/www.icsurenata.hu\/wp-content\/uploads\/2020\/09\/IMG_20200924_105128_retus_kicsi.jpg 850w, http:\/\/www.icsurenata.hu\/wp-content\/uploads\/2020\/09\/IMG_20200924_105128_retus_kicsi-300x245.jpg 300w, http:\/\/www.icsurenata.hu\/wp-content\/uploads\/2020\/09\/IMG_20200924_105128_retus_kicsi-768x626.jpg 768w, http:\/\/www.icsurenata.hu\/wp-content\/uploads\/2020\/09\/IMG_20200924_105128_retus_kicsi-429x350.jpg 429w\" sizes=\"(max-width: 850px) 100vw, 850px\" \/><\/p>\n<p>&nbsp;<\/p>\n<blockquote><p><em>\u201d <\/em><em>Az el\u0151k\u00e9sz\u00fclet \u00e1ltal\u00e1ban nem tart sok\u00e1ig. Ha bek\u00f6lt\u00f6zik egy \u00f6tlet a fejembe, akkor amint tudok, elkezdek k\u00eds\u00e9rletezni. Van, hogy m\u00e1r a k\u00eds\u00e9rleti k\u00e9pek is siker\u00fclnek, van, hogy alak\u00edtanom kell az els\u0151 elk\u00e9pzel\u00e9sen, van, hogy megy a kuk\u00e1ba az eg\u00e9sz. A T\u00e1jak a nappalimban sorozatn\u00e1l tartottak legtov\u00e1bb az el\u0151k\u00e9sz\u00fcleti munk\u00e1k.\u00a0 &#8230;\u00a0 <\/em><em>A narrat\u00edv sorozatok elk\u00e9sz\u00edt\u00e9s\u00e9n\u00e9l (mint p\u00e9ld\u00e1ul a ny\u00e1ri Hortob\u00e1gy vagy a T\u00fck\u00f6r) sokszor ford\u00edtva gondolkodom. Nem tal\u00e1lom ki el\u0151re a t\u00f6rt\u00e9netet. Csin\u00e1lok mindenf\u00e9le k\u00e9pet, ami \u00e9pp eszembe jut, azt\u00e1n v\u00e1logatok, fel\u00e1ll\u00edtom a sorrendet \u00e9s vagy kialakul egy sztori, vagy nem.\u201d<\/em><\/p><\/blockquote>\n<p>&nbsp;<\/p>\n<p><img loading=\"lazy\" class=\"aligncenter wp-image-4102 size-full\" src=\"http:\/\/www.icsurenata.hu\/wp-content\/uploads\/2020\/09\/IMG_20200924_105850_retus_kicsi.jpg\" alt=\"\" width=\"850\" height=\"638\" srcset=\"http:\/\/www.icsurenata.hu\/wp-content\/uploads\/2020\/09\/IMG_20200924_105850_retus_kicsi.jpg 850w, http:\/\/www.icsurenata.hu\/wp-content\/uploads\/2020\/09\/IMG_20200924_105850_retus_kicsi-300x225.jpg 300w, http:\/\/www.icsurenata.hu\/wp-content\/uploads\/2020\/09\/IMG_20200924_105850_retus_kicsi-768x576.jpg 768w, http:\/\/www.icsurenata.hu\/wp-content\/uploads\/2020\/09\/IMG_20200924_105850_retus_kicsi-466x350.jpg 466w\" sizes=\"(max-width: 850px) 100vw, 850px\" \/><\/p>\n<p>&nbsp;<\/p>\n<p>&nbsp;<\/p>\n<p><img loading=\"lazy\" class=\"aligncenter wp-image-4103 size-full\" src=\"http:\/\/www.icsurenata.hu\/wp-content\/uploads\/2020\/09\/IMG_20200924_110109_retus_kicsi.jpg\" alt=\"\" width=\"850\" height=\"638\" srcset=\"http:\/\/www.icsurenata.hu\/wp-content\/uploads\/2020\/09\/IMG_20200924_110109_retus_kicsi.jpg 850w, http:\/\/www.icsurenata.hu\/wp-content\/uploads\/2020\/09\/IMG_20200924_110109_retus_kicsi-300x225.jpg 300w, http:\/\/www.icsurenata.hu\/wp-content\/uploads\/2020\/09\/IMG_20200924_110109_retus_kicsi-768x576.jpg 768w, http:\/\/www.icsurenata.hu\/wp-content\/uploads\/2020\/09\/IMG_20200924_110109_retus_kicsi-466x350.jpg 466w\" sizes=\"(max-width: 850px) 100vw, 850px\" \/><\/p>\n<p>&nbsp;<\/p>\n<blockquote><p><em>\u201d <\/em><em>Alf\u00f6ldi l\u00e1ny vagyok. A Hortob\u00e1gy k\u00f6zel\u00e9ben n\u0151ttem fel egy kis v\u00e1rosban. A k\u00e9pek helysz\u00edn\u00e9re a sz\u00fcleimmel tal\u00e1ltam r\u00e1 egy kir\u00e1ndul\u00e1skor \u00e9s ut\u00e1na minden alkalommal vel\u00fck mentem vissza fot\u00f3zni. Els\u0151 alkalommal csak a kis h\u00e1zat \u00e9s a k\u00f6rny\u00e9ket f\u00e9nyk\u00e9peztem \u0151sszel. Azt\u00e1n ny\u00e1ron visszament\u00fcnk, n\u00e9mi tervvel a fejemben, &#8220;fell\u00e9p\u0151&#8221; ruh\u00e1kkal. Ebb\u0151l ut\u00f3lag siker\u00fclt kihozni a t\u00f6rt\u00e9net els\u0151 r\u00e9sz\u00e9t.\u00a0 &#8230;\u00a0 M\u00e1r az els\u0151 fot\u00f3z\u00e1skor tudtam, hogy h\u00f3es\u00e9sben is vissza szeretn\u00e9k menni. Akkora m\u00e1zlim volt, hogy kar\u00e1csony el\u0151tt n\u00e9h\u00e1ny nappal esett a h\u00f3 \u00e9s pont otthon voltam. A t\u00f6rt\u00e9net folytat\u00f3dhatott.\u201d<\/em><\/p><\/blockquote>\n<p>&nbsp;<\/p>\n<p>R\u00e9szletek a FotoVideo Magazin 2020\/04 sz\u00e1m\u00e1ban megjelent interj\u00fab\u00f3l<\/p>\n<p>&nbsp;<\/p>\n<p><a href=\"http:\/\/www.icsurenata.hu\/index.php\/2020\/10\/22\/a-teljes-interju-fotovideo-magazin-the-whole-interview\/\" target=\"_blank\" rel=\"noopener\">A teljes interj\u00fa<\/a><\/p>\n","protected":false},"excerpt":{"rendered":"<p>A teljes interj\u00fa &nbsp; &nbsp; \u201d Az el\u0151k\u00e9sz\u00fclet \u00e1ltal\u00e1ban nem tart sok\u00e1ig. Ha bek\u00f6lt\u00f6zik egy&#8230;<\/p>\n","protected":false},"author":1,"featured_media":4106,"comment_status":"closed","ping_status":"closed","sticky":false,"template":"","format":"standard","meta":[],"categories":[17],"tags":[],"_links":{"self":[{"href":"http:\/\/www.icsurenata.hu\/index.php\/wp-json\/wp\/v2\/posts\/4087"}],"collection":[{"href":"http:\/\/www.icsurenata.hu\/index.php\/wp-json\/wp\/v2\/posts"}],"about":[{"href":"http:\/\/www.icsurenata.hu\/index.php\/wp-json\/wp\/v2\/types\/post"}],"author":[{"embeddable":true,"href":"http:\/\/www.icsurenata.hu\/index.php\/wp-json\/wp\/v2\/users\/1"}],"replies":[{"embeddable":true,"href":"http:\/\/www.icsurenata.hu\/index.php\/wp-json\/wp\/v2\/comments?post=4087"}],"version-history":[{"count":13,"href":"http:\/\/www.icsurenata.hu\/index.php\/wp-json\/wp\/v2\/posts\/4087\/revisions"}],"predecessor-version":[{"id":4166,"href":"http:\/\/www.icsurenata.hu\/index.php\/wp-json\/wp\/v2\/posts\/4087\/revisions\/4166"}],"wp:featuredmedia":[{"embeddable":true,"href":"http:\/\/www.icsurenata.hu\/index.php\/wp-json\/wp\/v2\/media\/4106"}],"wp:attachment":[{"href":"http:\/\/www.icsurenata.hu\/index.php\/wp-json\/wp\/v2\/media?parent=4087"}],"wp:term":[{"taxonomy":"category","embeddable":true,"href":"http:\/\/www.icsurenata.hu\/index.php\/wp-json\/wp\/v2\/categories?post=4087"},{"taxonomy":"post_tag","embeddable":true,"href":"http:\/\/www.icsurenata.hu\/index.php\/wp-json\/wp\/v2\/tags?post=4087"}],"curies":[{"name":"wp","href":"https:\/\/api.w.org\/{rel}","templated":true}]}}